{"id":1180,"date":"2018-12-20T18:12:40","date_gmt":"2018-12-20T17:12:40","guid":{"rendered":"http:\/\/www.ansgarsilies.de\/?p=1180"},"modified":"2020-01-30T09:17:38","modified_gmt":"2020-01-30T08:17:38","slug":"bodenschaetze-bodemschatten","status":"publish","type":"post","link":"https:\/\/www.ansgarsilies.de\/en\/bodenschaetze-bodemschatten\/","title":{"rendered":"Bodensch\u00e4tze \/\/ Bodemschatten"},"content":{"rendered":"<p><em>Soundart Roadtrip Performance von Remco de Kluizenaar und Ansgar Silies<\/em><\/p>\n<p>Das Eisen aus Ulft, der Sandstein aus Bad Bentheim, Ziegel und Webereien, niederl\u00e4ndisch und deutsch, ein Saxophon und eine Trompete: alles ist Klang.<\/p>\n<p>Die Performance <strong>&#8220;Bodensch\u00e4tze \/\/ Bodemschatten&#8221;<\/strong> nimmt Sie mit auf eine klang-arch\u00e4ologische Reise durch die Euregio. Die Klangk\u00fcnstler Ansgar Silies (D) und Remco de Kluizenaar (NL) graben im klanglichen Reichtum ihrer Heimatregion, von Almelo bis Osnabr\u00fcck und von M\u00fcnster bis Doetinchem. Dieser Roadtrip durch die Euregio f\u00fchrt zu einer \u00fcberraschenden, humorvollen und poetischen Performance, die sich st\u00e4ndig zwischen Konzert, Storytelling und Theater bewegt.<\/p>\n<p>&#8220;Bodensch\u00e4tze \/\/ Bodemschatten&#8221; ist ein taNDem Projekt. Hinter dem Namen taNDem steht das INTERREG V A Projekt &#8220;Kunstverbinding &#8211; Kunstverbindung&#8221;. In diesem Projekt haben die EUREGIO, Culturmij Oost, M\u00fcnsterland e. V., Emsl\u00e4ndische Landschaft e. V., die Stadt Osnabr\u00fcck, der Landkreis Osnabr\u00fcck und die Provincies Gelderland und Overijssel ihre Kr\u00e4fte geb\u00fcndelt, um die Kunst- und Kulturszene im Grenzgebiet zu f\u00f6rdern.<\/p>\n<p>Das Projekt &#8220;Kunstverbinding &#8211; Kunstverbindung&#8221; wird im Rahmen des INTERREG V A Programms Deutschland-Nederland durch den Europ\u00e4ischen Fonds f\u00fcr regionale Entwicklung (EFRE), die Provinzen Gelderland und Overijssel, das Nieders\u00e4chsische Ministerium f\u00fcr Bundes- und Europaangelegenheiten und das Wirtschaftsministerium des Landes NRW finanziell unterst\u00fctzt.<\/p>\n<p><iframe loading=\"lazy\" src=\"https:\/\/player.vimeo.com\/video\/337523908\" width=\"640\" height=\"360\" frameborder=\"0\" allowfullscreen=\"allowfullscreen\"><\/iframe><a href=\"https:\/\/vimeo.com\/337523908\">Bodemschatten &#8211; Bodensch\u00e4tze by Silies and De Kluizenaar<\/a> from <a href=\"https:\/\/vimeo.com\/user98781833\">Remco Vimeo<\/a> on <a href=\"https:\/\/vimeo.com\">Vimeo<\/a>.<\/p>\n<p>Auff\u00fchrungen:<\/p>\n<p><strong>Samstag, 09. Februar 2019 um 20.00 Uhr<\/strong><br \/>\n<a href=\"https:\/\/www.alteweberei.de\" target=\"_blank\" rel=\"noopener noreferrer\" data-cke-saved-href=\"https:\/\/www.alteweberei.de\">Alte Weberei Kulturzentrum <\/a>Nordhorn<\/p>\n<p><strong>Freitag, 22. und Samstag, 23. Februar 2019 um 20.00 Uhr<\/strong><br \/>\n<a href=\"https:\/\/www.drucultuurfabriek.nl\" target=\"_blank\" rel=\"noopener noreferrer\" data-cke-saved-href=\"https:\/\/www.drucultuurfabriek.nl\">DRU cultuurfabriek<\/a>, Ulft (NL)<\/p>\n<p><strong>Sonntag, 10. M\u00e4rz 2019 um 15.00 Uhr<\/strong><br \/>\nKatharinenkirche auf <a href=\"https:\/\/www.burg-bentheim.de\" target=\"_blank\" rel=\"noopener noreferrer\" data-cke-saved-href=\"https:\/\/www.burg-bentheim.de\">Burg Bentheim<\/a>, Bad Bentheim<\/p>\n<p><strong>Weitere Informationen:<\/strong><br \/>\n<a href=\"https:\/\/www.facebook.com\/euregiosound\/\" target=\"_blank\" rel=\"noopener noreferrer\" data-cke-saved-href=\"https:\/\/www.facebook.com\/euregiosound\/\">https:\/\/www.facebook.com\/euregiosound\/<\/a><br \/>\n<a href=\"https:\/\/www.tandemkunst.eu\/portfolio_page\/projectnaam-3\/\" target=\"_blank\" rel=\"noopener noreferrer\" data-cke-saved-href=\"https:\/\/www.tandemkunst.eu\/portfolio_page\/projectnaam-3\/\">https:\/\/www.tandemkunst.eu<\/a><\/p>\n<p><em>Fotos: Roman Starke<\/em><\/p>\n<p><img decoding=\"async\" loading=\"lazy\" class=\"alignnone size-full wp-image-1182\" src=\"http:\/\/www.ansgarsilies.de\/atelier\/wp-content\/uploads\/2018\/12\/DSC07353.jpg\" alt=\"\" width=\"680\" height=\"453\" srcset=\"https:\/\/www.ansgarsilies.de\/atelier\/wp-content\/uploads\/2018\/12\/DSC07353.jpg 680w, https:\/\/www.ansgarsilies.de\/atelier\/wp-content\/uploads\/2018\/12\/DSC07353-300x200.jpg 300w, https:\/\/www.ansgarsilies.de\/atelier\/wp-content\/uploads\/2018\/12\/DSC07353-144x96.jpg 144w\" sizes=\"(max-width: 680px) 100vw, 680px\" \/> <img decoding=\"async\" loading=\"lazy\" class=\"alignnone size-full wp-image-1185\" src=\"http:\/\/www.ansgarsilies.de\/atelier\/wp-content\/uploads\/2018\/12\/DSC07507.jpg\" alt=\"\" width=\"680\" height=\"453\" srcset=\"https:\/\/www.ansgarsilies.de\/atelier\/wp-content\/uploads\/2018\/12\/DSC07507.jpg 680w, https:\/\/www.ansgarsilies.de\/atelier\/wp-content\/uploads\/2018\/12\/DSC07507-300x200.jpg 300w, https:\/\/www.ansgarsilies.de\/atelier\/wp-content\/uploads\/2018\/12\/DSC07507-144x96.jpg 144w\" sizes=\"(max-width: 680px) 100vw, 680px\" \/><img decoding=\"async\" loading=\"lazy\" class=\"alignnone size-full wp-image-1183\" src=\"http:\/\/www.ansgarsilies.de\/atelier\/wp-content\/uploads\/2018\/12\/DSC07427.jpg\" alt=\"\" width=\"680\" height=\"453\" srcset=\"https:\/\/www.ansgarsilies.de\/atelier\/wp-content\/uploads\/2018\/12\/DSC07427.jpg 680w, https:\/\/www.ansgarsilies.de\/atelier\/wp-content\/uploads\/2018\/12\/DSC07427-300x200.jpg 300w, https:\/\/www.ansgarsilies.de\/atelier\/wp-content\/uploads\/2018\/12\/DSC07427-144x96.jpg 144w\" sizes=\"(max-width: 680px) 100vw, 680px\" \/><\/p>\n","protected":false},"excerpt":{"rendered":"<p>Soundart Roadtrip Performance von Remco de Kluizenaar und Ansgar Silies Das Eisen aus Ulft, der Sandstein aus Bad Bentheim, Ziegel und Webereien, niederl\u00e4ndisch und deutsch, ein Saxophon und eine Trompete: alles ist Klang. Die Performance &#8220;Bodensch\u00e4tze \/\/ Bodemschatten&#8221; nimmt Sie mit auf eine klang-arch\u00e4ologische Reise durch die Euregio. Die Klangk\u00fcnstler Ansgar Silies (D) und Remco [&hellip;]<\/p>\n","protected":false},"author":1,"featured_media":1184,"comment_status":"closed","ping_status":"open","sticky":false,"template":"","format":"standard","meta":{"jetpack_post_was_ever_published":false,"_jetpack_newsletter_access":"","jetpack_publicize_message":"","jetpack_is_tweetstorm":false,"jetpack_publicize_feature_enabled":true,"jetpack_social_post_already_shared":true,"jetpack_social_options":{"image_generator_settings":{"template":"highway","enabled":false}}},"categories":[11],"tags":[],"translation":{"provider":"WPGlobus","version":"3.0.1","language":"en","enabled_languages":["de","en"],"languages":{"de":{"title":true,"content":true,"excerpt":false},"en":{"title":false,"content":false,"excerpt":false}}},"jetpack_publicize_connections":[],"jetpack_featured_media_url":"https:\/\/www.ansgarsilies.de\/atelier\/wp-content\/uploads\/2018\/12\/DSC07427thumb.jpg","jetpack_sharing_enabled":true,"jetpack_shortlink":"https:\/\/wp.me\/p9yEQj-j2","_links":{"self":[{"href":"https:\/\/www.ansgarsilies.de\/en\/wp-json\/wp\/v2\/posts\/1180"}],"collection":[{"href":"https:\/\/www.ansgarsilies.de\/en\/wp-json\/wp\/v2\/posts"}],"about":[{"href":"https:\/\/www.ansgarsilies.de\/en\/wp-json\/wp\/v2\/types\/post"}],"author":[{"embeddable":true,"href":"https:\/\/www.ansgarsilies.de\/en\/wp-json\/wp\/v2\/users\/1"}],"replies":[{"embeddable":true,"href":"https:\/\/www.ansgarsilies.de\/en\/wp-json\/wp\/v2\/comments?post=1180"}],"version-history":[{"count":5,"href":"https:\/\/www.ansgarsilies.de\/en\/wp-json\/wp\/v2\/posts\/1180\/revisions"}],"predecessor-version":[{"id":1209,"href":"https:\/\/www.ansgarsilies.de\/en\/wp-json\/wp\/v2\/posts\/1180\/revisions\/1209"}],"wp:featuredmedia":[{"embeddable":true,"href":"https:\/\/www.ansgarsilies.de\/en\/wp-json\/wp\/v2\/media\/1184"}],"wp:attachment":[{"href":"https:\/\/www.ansgarsilies.de\/en\/wp-json\/wp\/v2\/media?parent=1180"}],"wp:term":[{"taxonomy":"category","embeddable":true,"href":"https:\/\/www.ansgarsilies.de\/en\/wp-json\/wp\/v2\/categories?post=1180"},{"taxonomy":"post_tag","embeddable":true,"href":"https:\/\/www.ansgarsilies.de\/en\/wp-json\/wp\/v2\/tags?post=1180"}],"curies":[{"name":"wp","href":"https:\/\/api.w.org\/{rel}","templated":true}]}}